{"id":6611,"date":"2026-03-16T13:28:31","date_gmt":"2026-03-16T11:28:31","guid":{"rendered":"https:\/\/llzbw.de\/?p=6611"},"modified":"2026-03-16T14:22:10","modified_gmt":"2026-03-16T12:22:10","slug":"internationale-wettkaempfe-und-qualifikationen-im-maerz","status":"publish","type":"post","link":"https:\/\/llzbw.de\/?p=6611","title":{"rendered":"Internationale Wettk\u00e4mpfe und Qualifikationen im M\u00e4rz"},"content":{"rendered":"\n<p>F\u00fcr zahlreiche der LLZ Athletinnen und Athleten stehen im M\u00e4rz internationale Wettk\u00e4mpfe und Qualifikationsentscheidungen an. Neben dem <strong>Internationalen Saisonauftakt (ISAS) in Dortmund<\/strong> sowie dem <strong>IWK Schnellfeuer Wettbewerb in Wroclaw (Breslau)<\/strong> laufen beim Deutschen Sch\u00fctzenbund parallel mehrere Qualifikationsma\u00dfnahmen f\u00fcr internationale Meisterschaften.<\/p>\n\n\n\n<!--more-->\n\n\n\n<p>Unter anderem k\u00e4mpfen die Gewehr und Pistole Nachwuchssch\u00fctzinnen und -sch\u00fctzen in verschiedenen Disziplinen um Startpl\u00e4tze f\u00fcr die <strong>Europameisterschaft in Osijek (7.\u201317. Mai)<\/strong> sowie f\u00fcr die <strong>Junioren-Weltmeisterschaft in Suhl (17.\u201325. Juni)<\/strong>. Die Qualifikationen erstrecken sich \u00fcber mehrere Wettk\u00e4mpfe und Programme, von denen ein Teil im Rahmen des ISAS Wettbewerbs in Dortmund ausgetragen wird.<\/p>\n\n\n\n<p>Zudem sind auch die <strong>Compound Sch\u00fctzen<\/strong> im Einsatz: F\u00fcr sie findet zeitgleich die EM-Qualifikation in Antalya statt<strong> (18.\u201324. Mai)<\/strong>.<\/p>\n\n\n\n<hr class=\"wp-block-separator has-alpha-channel-opacity\"\/>\n\n\n\n<h1 class=\"wp-block-heading\">IWK Schnellfeuer \u2013 Wroclaw (Breslau)<\/h1>\n\n\n\n<p>&#x1f4c5; 17.\u201323. M\u00e4rz<\/p>\n\n\n\n<p><\/p>\n\n\n\n<ul class=\"wp-block-list\">\n<li><strong>Emanuel M\u00fcller<\/strong> (Herren)<\/li>\n\n\n\n<li><strong>Fynn Kramer<\/strong> (Junioren)<\/li>\n<\/ul>\n\n\n\n<hr class=\"wp-block-separator has-alpha-channel-opacity\"\/>\n\n\n\n<h1 class=\"wp-block-heading\">ISAS Dortmund \u2013 Gewehr und Pistole<\/h1>\n\n\n\n<p>&#x1f4c5; 20.\u201330. M\u00e4rz<\/p>\n\n\n\n<p><\/p>\n\n\n\n<ul class=\"wp-block-list\">\n<li>Max Braun <\/li>\n\n\n\n<li>Bernd Fischer <\/li>\n\n\n\n<li>Lisa Grub <\/li>\n\n\n\n<li>Anita Mangold<\/li>\n\n\n\n<li>Nele Stark<\/li>\n\n\n\n<li>Colin Fix<\/li>\n\n\n\n<li>Lana Wurster <\/li>\n\n\n\n<li>Hugo Fries<\/li>\n\n\n\n<li>Eduard Baumeister<\/li>\n\n\n\n<li>Philipp Grimm<\/li>\n\n\n\n<li>Robin Walter<\/li>\n\n\n\n<li>Celina Becker<\/li>\n\n\n\n<li>Matea Strbac<\/li>\n\n\n\n<li>Linus Lichtwald<\/li>\n\n\n\n<li>Paula Gelbing<\/li>\n\n\n\n<li>Liv Ziegler <\/li>\n\n\n\n<li>Moritz Steiner<\/li>\n<\/ul>\n\n\n\n<hr class=\"wp-block-separator has-alpha-channel-opacity\"\/>\n\n\n\n<p><br><strong>Compound EM Qualifikation Frankfurt und Hanau<\/strong><\/p>\n\n\n\n<p>&#x1f4c5;14. M\u00e4rz (Frankfurt) &#x1f4c5; 27.-29. M\u00e4rz (Hanau)<\/p>\n\n\n\n<p><\/p>\n\n\n\n<ul class=\"wp-block-list\">\n<li>Julia B\u00f6hnke <\/li>\n\n\n\n<li>Jennifer Walter <\/li>\n\n\n\n<li>Paolo Kunsch <\/li>\n\n\n\n<li>Noah Nuber <\/li>\n\n\n\n<li>Henning L\u00fcpkemann <\/li>\n<\/ul>\n\n\n\n<hr class=\"wp-block-separator has-alpha-channel-opacity\"\/>\n\n\n\n<p>Wir w\u00fcnschen allen Athletinnen und Athleten <strong>viel Erfolg!<\/strong><\/p>\n\n\n\n<p><\/p>\n","protected":false},"excerpt":{"rendered":"<p>F\u00fcr zahlreiche der LLZ Athletinnen und Athleten stehen im M\u00e4rz internationale Wettk\u00e4mpfe und Qualifikationsentscheidungen an. Neben dem Internationalen Saisonauftakt (ISAS) in Dortmund sowie dem IWK Schnellfeuer Wettbewerb in Wroclaw (Breslau) laufen beim Deutschen Sch\u00fctzenbund parallel mehrere Qualifikationsma\u00dfnahmen f\u00fcr internationale Meisterschaften.<\/p>\n","protected":false},"author":7,"featured_media":0,"comment_status":"closed","ping_status":"closed","sticky":false,"template":"","format":"standard","meta":{"ngg_post_thumbnail":0,"footnotes":""},"categories":[1],"tags":[226,390,224,21,225,28],"class_list":["post-6611","post","type-post","status-publish","format-standard","hentry","category-allgemein","tag-bogen","tag-em-ausscheidung","tag-gewehr","tag-internationaler-wettkampf","tag-pistole","tag-wm-ausscheidung"],"_links":{"self":[{"href":"https:\/\/llzbw.de\/index.php?rest_route=\/wp\/v2\/posts\/6611","targetHints":{"allow":["GET"]}}],"collection":[{"href":"https:\/\/llzbw.de\/index.php?rest_route=\/wp\/v2\/posts"}],"about":[{"href":"https:\/\/llzbw.de\/index.php?rest_route=\/wp\/v2\/types\/post"}],"author":[{"embeddable":true,"href":"https:\/\/llzbw.de\/index.php?rest_route=\/wp\/v2\/users\/7"}],"replies":[{"embeddable":true,"href":"https:\/\/llzbw.de\/index.php?rest_route=%2Fwp%2Fv2%2Fcomments&post=6611"}],"version-history":[{"count":7,"href":"https:\/\/llzbw.de\/index.php?rest_route=\/wp\/v2\/posts\/6611\/revisions"}],"predecessor-version":[{"id":6619,"href":"https:\/\/llzbw.de\/index.php?rest_route=\/wp\/v2\/posts\/6611\/revisions\/6619"}],"wp:attachment":[{"href":"https:\/\/llzbw.de\/index.php?rest_route=%2Fwp%2Fv2%2Fmedia&parent=6611"}],"wp:term":[{"taxonomy":"category","embeddable":true,"href":"https:\/\/llzbw.de\/index.php?rest_route=%2Fwp%2Fv2%2Fcategories&post=6611"},{"taxonomy":"post_tag","embeddable":true,"href":"https:\/\/llzbw.de\/index.php?rest_route=%2Fwp%2Fv2%2Ftags&post=6611"}],"curies":[{"name":"wp","href":"https:\/\/api.w.org\/{rel}","templated":true}]}}